{"id":950,"date":"2017-02-02T10:50:11","date_gmt":"2017-02-02T09:50:11","guid":{"rendered":"http:\/\/www.albertodiaz.net\/?p=950\/"},"modified":"2020-04-07T12:33:00","modified_gmt":"2020-04-07T10:33:00","slug":"950","status":"publish","type":"post","link":"https:\/\/www.albertodiaz.net\/ca\/950\/","title":{"rendered":"Gira de C\u00daBIT de Josep Maria Mir\u00f3 i La Ruta 40"},"content":{"rendered":"<p>Alberto segueix de gira amb\u00a0C\u00daBIT de Josep Maria Mir\u00f3 i La Ruta 40. En els propers mesos l&#8217;espectacle visitar\u00e0 Igualada, Prats de Llu\u00e7an\u00e8s, Girona i Valls (com a finalista del Premi de Teatre BBVA), per acabar fent\u00a0temporada al Teatre Lliure de Barcelona durant el mes de maig.<\/p>\n","protected":false},"excerpt":{"rendered":"<p>Alberto segueix de gira amb\u00a0C\u00daBIT de Josep Maria Mir\u00f3 i La Ruta 40. En els propers mesos l&#8217;espectacle visitar\u00e0 Igualada, Prats de Llu\u00e7an\u00e8s, Girona i Valls (com a finalista del Premi de Teatre BBVA), per acabar fent\u00a0temporada al Teatre Lliure de Barcelona durant el mes de maig.<\/p>\n","protected":false},"author":3,"featured_media":911,"comment_status":"closed","ping_status":"closed","sticky":false,"template":"","format":"standard","meta":{"footnotes":""},"categories":[4],"tags":[],"class_list":["post-950","post","type-post","status-publish","format-standard","has-post-thumbnail","hentry","category-treballs"],"yoast_head":"<!-- This site is optimized with the Yoast SEO plugin v27.5 - https:\/\/yoast.com\/product\/yoast-seo-wordpress\/ -->\n<title>Gira de C\u00daBIT de Josep Maria Mir\u00f3 i La Ruta 40 - Alberto D\u00edaz<\/title>\n<meta name=\"robots\" content=\"index, follow, max-snippet:-1, max-image-preview:large, max-video-preview:-1\" \/>\n<link rel=\"canonical\" href=\"https:\/\/www.albertodiaz.net\/ca\/950\/\" \/>\n<meta name=\"twitter:card\" content=\"summary_large_image\" \/>\n<meta name=\"twitter:title\" content=\"Gira de C\u00daBIT de Josep Maria Mir\u00f3 i La Ruta 40 - Alberto D\u00edaz\" \/>\n<meta name=\"twitter:description\" content=\"Alberto segueix de gira amb\u00a0C\u00daBIT de Josep Maria Mir\u00f3 i La Ruta 40. En els propers mesos l&#8217;espectacle visitar\u00e0 Igualada, Prats de Llu\u00e7an\u00e8s, Girona i Valls (com a finalista del Premi de Teatre BBVA), per acabar fent\u00a0temporada al Teatre Lliure de Barcelona durant el mes de maig.\" \/>\n<meta name=\"twitter:image\" content=\"https:\/\/www.albertodiaz.net\/wp-content\/uploads\/2017\/02\/cubit7.jpg\" \/>\n<meta name=\"twitter:label1\" content=\"Written by\" \/>\n\t<meta name=\"twitter:data1\" content=\"Alberto Diaz\" \/>\n<script type=\"application\/ld+json\" class=\"yoast-schema-graph\">{\"@context\":\"https:\\\/\\\/schema.org\",\"@graph\":[{\"@type\":\"Article\",\"@id\":\"https:\\\/\\\/www.albertodiaz.net\\\/ca\\\/950\\\/#article\",\"isPartOf\":{\"@id\":\"https:\\\/\\\/www.albertodiaz.net\\\/ca\\\/950\\\/\"},\"author\":{\"name\":\"Alberto Diaz\",\"@id\":\"https:\\\/\\\/www.albertodiaz.net\\\/#\\\/schema\\\/person\\\/7590e2f11e4cc624aedc8fe965d1f08b\"},\"headline\":\"Gira de C\u00daBIT de Josep Maria Mir\u00f3 i La Ruta 40\",\"datePublished\":\"2017-02-02T09:50:11+00:00\",\"dateModified\":\"2020-04-07T10:33:00+00:00\",\"mainEntityOfPage\":{\"@id\":\"https:\\\/\\\/www.albertodiaz.net\\\/ca\\\/950\\\/\"},\"wordCount\":63,\"publisher\":{\"@id\":\"https:\\\/\\\/www.albertodiaz.net\\\/#\\\/schema\\\/person\\\/7590e2f11e4cc624aedc8fe965d1f08b\"},\"image\":{\"@id\":\"https:\\\/\\\/www.albertodiaz.net\\\/ca\\\/950\\\/#primaryimage\"},\"thumbnailUrl\":\"https:\\\/\\\/www.albertodiaz.net\\\/wp-content\\\/uploads\\\/2017\\\/02\\\/cubit7.jpg\",\"articleSection\":[\"Treballs\"],\"inLanguage\":\"ca\"},{\"@type\":\"WebPage\",\"@id\":\"https:\\\/\\\/www.albertodiaz.net\\\/ca\\\/950\\\/\",\"url\":\"https:\\\/\\\/www.albertodiaz.net\\\/ca\\\/950\\\/\",\"name\":\"Gira de C\u00daBIT de Josep Maria Mir\u00f3 i La Ruta 40 - Alberto D\u00edaz\",\"isPartOf\":{\"@id\":\"https:\\\/\\\/www.albertodiaz.net\\\/#website\"},\"primaryImageOfPage\":{\"@id\":\"https:\\\/\\\/www.albertodiaz.net\\\/ca\\\/950\\\/#primaryimage\"},\"image\":{\"@id\":\"https:\\\/\\\/www.albertodiaz.net\\\/ca\\\/950\\\/#primaryimage\"},\"thumbnailUrl\":\"https:\\\/\\\/www.albertodiaz.net\\\/wp-content\\\/uploads\\\/2017\\\/02\\\/cubit7.jpg\",\"datePublished\":\"2017-02-02T09:50:11+00:00\",\"dateModified\":\"2020-04-07T10:33:00+00:00\",\"breadcrumb\":{\"@id\":\"https:\\\/\\\/www.albertodiaz.net\\\/ca\\\/950\\\/#breadcrumb\"},\"inLanguage\":\"ca\",\"potentialAction\":[{\"@type\":\"ReadAction\",\"target\":[\"https:\\\/\\\/www.albertodiaz.net\\\/ca\\\/950\\\/\"]}]},{\"@type\":\"ImageObject\",\"inLanguage\":\"ca\",\"@id\":\"https:\\\/\\\/www.albertodiaz.net\\\/ca\\\/950\\\/#primaryimage\",\"url\":\"https:\\\/\\\/www.albertodiaz.net\\\/wp-content\\\/uploads\\\/2017\\\/02\\\/cubit7.jpg\",\"contentUrl\":\"https:\\\/\\\/www.albertodiaz.net\\\/wp-content\\\/uploads\\\/2017\\\/02\\\/cubit7.jpg\",\"width\":4528,\"height\":2547},{\"@type\":\"BreadcrumbList\",\"@id\":\"https:\\\/\\\/www.albertodiaz.net\\\/ca\\\/950\\\/#breadcrumb\",\"itemListElement\":[{\"@type\":\"ListItem\",\"position\":1,\"name\":\"Portada\",\"item\":\"https:\\\/\\\/www.albertodiaz.net\\\/ca\\\/alberto-diaz\\\/\"},{\"@type\":\"ListItem\",\"position\":2,\"name\":\"Gira de C\u00daBIT de Josep Maria Mir\u00f3 i La Ruta 40\"}]},{\"@type\":\"WebSite\",\"@id\":\"https:\\\/\\\/www.albertodiaz.net\\\/#website\",\"url\":\"https:\\\/\\\/www.albertodiaz.net\\\/\",\"name\":\"Alberto D\u00edaz\",\"description\":\"Actor\",\"publisher\":{\"@id\":\"https:\\\/\\\/www.albertodiaz.net\\\/#\\\/schema\\\/person\\\/7590e2f11e4cc624aedc8fe965d1f08b\"},\"potentialAction\":[{\"@type\":\"SearchAction\",\"target\":{\"@type\":\"EntryPoint\",\"urlTemplate\":\"https:\\\/\\\/www.albertodiaz.net\\\/?s={search_term_string}\"},\"query-input\":{\"@type\":\"PropertyValueSpecification\",\"valueRequired\":true,\"valueName\":\"search_term_string\"}}],\"inLanguage\":\"ca\"},{\"@type\":[\"Person\",\"Organization\"],\"@id\":\"https:\\\/\\\/www.albertodiaz.net\\\/#\\\/schema\\\/person\\\/7590e2f11e4cc624aedc8fe965d1f08b\",\"name\":\"Alberto Diaz\",\"image\":{\"@type\":\"ImageObject\",\"inLanguage\":\"ca\",\"@id\":\"https:\\\/\\\/www.albertodiaz.net\\\/wp-content\\\/uploads\\\/2020\\\/04\\\/alberto-diaz-actor-05.jpg\",\"url\":\"https:\\\/\\\/www.albertodiaz.net\\\/wp-content\\\/uploads\\\/2020\\\/04\\\/alberto-diaz-actor-05.jpg\",\"contentUrl\":\"https:\\\/\\\/www.albertodiaz.net\\\/wp-content\\\/uploads\\\/2020\\\/04\\\/alberto-diaz-actor-05.jpg\",\"width\":1000,\"height\":666,\"caption\":\"Alberto Diaz\"},\"logo\":{\"@id\":\"https:\\\/\\\/www.albertodiaz.net\\\/wp-content\\\/uploads\\\/2020\\\/04\\\/alberto-diaz-actor-05.jpg\"}}]}<\/script>\n<!-- \/ Yoast SEO plugin. -->","yoast_head_json":{"title":"Gira de C\u00daBIT de Josep Maria Mir\u00f3 i La Ruta 40 - Alberto D\u00edaz","robots":{"index":"index","follow":"follow","max-snippet":"max-snippet:-1","max-image-preview":"max-image-preview:large","max-video-preview":"max-video-preview:-1"},"canonical":"https:\/\/www.albertodiaz.net\/ca\/950\/","twitter_card":"summary_large_image","twitter_title":"Gira de C\u00daBIT de Josep Maria Mir\u00f3 i La Ruta 40 - Alberto D\u00edaz","twitter_description":"Alberto segueix de gira amb\u00a0C\u00daBIT de Josep Maria Mir\u00f3 i La Ruta 40. En els propers mesos l&#8217;espectacle visitar\u00e0 Igualada, Prats de Llu\u00e7an\u00e8s, Girona i Valls (com a finalista del Premi de Teatre BBVA), per acabar fent\u00a0temporada al Teatre Lliure de Barcelona durant el mes de maig.","twitter_image":"https:\/\/www.albertodiaz.net\/wp-content\/uploads\/2017\/02\/cubit7.jpg","twitter_misc":{"Written by":"Alberto Diaz"},"schema":{"@context":"https:\/\/schema.org","@graph":[{"@type":"Article","@id":"https:\/\/www.albertodiaz.net\/ca\/950\/#article","isPartOf":{"@id":"https:\/\/www.albertodiaz.net\/ca\/950\/"},"author":{"name":"Alberto Diaz","@id":"https:\/\/www.albertodiaz.net\/#\/schema\/person\/7590e2f11e4cc624aedc8fe965d1f08b"},"headline":"Gira de C\u00daBIT de Josep Maria Mir\u00f3 i La Ruta 40","datePublished":"2017-02-02T09:50:11+00:00","dateModified":"2020-04-07T10:33:00+00:00","mainEntityOfPage":{"@id":"https:\/\/www.albertodiaz.net\/ca\/950\/"},"wordCount":63,"publisher":{"@id":"https:\/\/www.albertodiaz.net\/#\/schema\/person\/7590e2f11e4cc624aedc8fe965d1f08b"},"image":{"@id":"https:\/\/www.albertodiaz.net\/ca\/950\/#primaryimage"},"thumbnailUrl":"https:\/\/www.albertodiaz.net\/wp-content\/uploads\/2017\/02\/cubit7.jpg","articleSection":["Treballs"],"inLanguage":"ca"},{"@type":"WebPage","@id":"https:\/\/www.albertodiaz.net\/ca\/950\/","url":"https:\/\/www.albertodiaz.net\/ca\/950\/","name":"Gira de C\u00daBIT de Josep Maria Mir\u00f3 i La Ruta 40 - Alberto D\u00edaz","isPartOf":{"@id":"https:\/\/www.albertodiaz.net\/#website"},"primaryImageOfPage":{"@id":"https:\/\/www.albertodiaz.net\/ca\/950\/#primaryimage"},"image":{"@id":"https:\/\/www.albertodiaz.net\/ca\/950\/#primaryimage"},"thumbnailUrl":"https:\/\/www.albertodiaz.net\/wp-content\/uploads\/2017\/02\/cubit7.jpg","datePublished":"2017-02-02T09:50:11+00:00","dateModified":"2020-04-07T10:33:00+00:00","breadcrumb":{"@id":"https:\/\/www.albertodiaz.net\/ca\/950\/#breadcrumb"},"inLanguage":"ca","potentialAction":[{"@type":"ReadAction","target":["https:\/\/www.albertodiaz.net\/ca\/950\/"]}]},{"@type":"ImageObject","inLanguage":"ca","@id":"https:\/\/www.albertodiaz.net\/ca\/950\/#primaryimage","url":"https:\/\/www.albertodiaz.net\/wp-content\/uploads\/2017\/02\/cubit7.jpg","contentUrl":"https:\/\/www.albertodiaz.net\/wp-content\/uploads\/2017\/02\/cubit7.jpg","width":4528,"height":2547},{"@type":"BreadcrumbList","@id":"https:\/\/www.albertodiaz.net\/ca\/950\/#breadcrumb","itemListElement":[{"@type":"ListItem","position":1,"name":"Portada","item":"https:\/\/www.albertodiaz.net\/ca\/alberto-diaz\/"},{"@type":"ListItem","position":2,"name":"Gira de C\u00daBIT de Josep Maria Mir\u00f3 i La Ruta 40"}]},{"@type":"WebSite","@id":"https:\/\/www.albertodiaz.net\/#website","url":"https:\/\/www.albertodiaz.net\/","name":"Alberto D\u00edaz","description":"Actor","publisher":{"@id":"https:\/\/www.albertodiaz.net\/#\/schema\/person\/7590e2f11e4cc624aedc8fe965d1f08b"},"potentialAction":[{"@type":"SearchAction","target":{"@type":"EntryPoint","urlTemplate":"https:\/\/www.albertodiaz.net\/?s={search_term_string}"},"query-input":{"@type":"PropertyValueSpecification","valueRequired":true,"valueName":"search_term_string"}}],"inLanguage":"ca"},{"@type":["Person","Organization"],"@id":"https:\/\/www.albertodiaz.net\/#\/schema\/person\/7590e2f11e4cc624aedc8fe965d1f08b","name":"Alberto Diaz","image":{"@type":"ImageObject","inLanguage":"ca","@id":"https:\/\/www.albertodiaz.net\/wp-content\/uploads\/2020\/04\/alberto-diaz-actor-05.jpg","url":"https:\/\/www.albertodiaz.net\/wp-content\/uploads\/2020\/04\/alberto-diaz-actor-05.jpg","contentUrl":"https:\/\/www.albertodiaz.net\/wp-content\/uploads\/2020\/04\/alberto-diaz-actor-05.jpg","width":1000,"height":666,"caption":"Alberto Diaz"},"logo":{"@id":"https:\/\/www.albertodiaz.net\/wp-content\/uploads\/2020\/04\/alberto-diaz-actor-05.jpg"}}]}},"_links":{"self":[{"href":"https:\/\/www.albertodiaz.net\/ca\/wp-json\/wp\/v2\/posts\/950","targetHints":{"allow":["GET"]}}],"collection":[{"href":"https:\/\/www.albertodiaz.net\/ca\/wp-json\/wp\/v2\/posts"}],"about":[{"href":"https:\/\/www.albertodiaz.net\/ca\/wp-json\/wp\/v2\/types\/post"}],"author":[{"embeddable":true,"href":"https:\/\/www.albertodiaz.net\/ca\/wp-json\/wp\/v2\/users\/3"}],"replies":[{"embeddable":true,"href":"https:\/\/www.albertodiaz.net\/ca\/wp-json\/wp\/v2\/comments?post=950"}],"version-history":[{"count":2,"href":"https:\/\/www.albertodiaz.net\/ca\/wp-json\/wp\/v2\/posts\/950\/revisions"}],"predecessor-version":[{"id":952,"href":"https:\/\/www.albertodiaz.net\/ca\/wp-json\/wp\/v2\/posts\/950\/revisions\/952"}],"wp:featuredmedia":[{"embeddable":true,"href":"https:\/\/www.albertodiaz.net\/ca\/wp-json\/wp\/v2\/media\/911"}],"wp:attachment":[{"href":"https:\/\/www.albertodiaz.net\/ca\/wp-json\/wp\/v2\/media?parent=950"}],"wp:term":[{"taxonomy":"category","embeddable":true,"href":"https:\/\/www.albertodiaz.net\/ca\/wp-json\/wp\/v2\/categories?post=950"},{"taxonomy":"post_tag","embeddable":true,"href":"https:\/\/www.albertodiaz.net\/ca\/wp-json\/wp\/v2\/tags?post=950"}],"curies":[{"name":"wp","href":"https:\/\/api.w.org\/{rel}","templated":true}]}}